{"id":20136,"date":"2022-09-05T16:17:40","date_gmt":"2022-09-05T14:17:40","guid":{"rendered":"https:\/\/www.staging.lichtgitter.com\/unkategorisiert\/energia-eolica-hamburgo\/"},"modified":"2025-12-17T20:18:46","modified_gmt":"2025-12-17T19:18:46","slug":"energia-eolica-hamburgo","status":"publish","type":"post","link":"https:\/\/www2.lichtgitter.com\/es\/noticias\/energia-eolica-hamburgo\/","title":{"rendered":"Energ\u00eda e\u00f3lica Hamburgo"},"content":{"rendered":"<p>Vis\u00edtanos en WindEnergy 2022 en Hamburgo.<\/p>\n<p>WindEnergy 27.09. - 30.09.2022<br \/>\nMesse Hamburg<br \/>\nPabell\u00f3n: B7 \/ Stand: 515 <\/p>\n<p>\u00bfQuieres una consulta personal y concertar una cita para la feria o necesitas un vale de admisi\u00f3n? \u00a1Eres bienvenido! Ponte en contacto con nosotros.  <\/p>\n<p>Petra S\u00fcdfels<br \/>\nTel\u00e9fono: <a href=\"tel:+492563911113\">+49 (0) 25 63 \/ 911 - 113<\/a><br \/>\nCorreo electr\u00f3nico: <a href=\"mailto:Petra.Suedfels@lichtgitter.com\">Petra.Suedfels@lichtgitter.com<\/a><\/p>\n","protected":false},"excerpt":{"rendered":"<p>Vis\u00edtanos en WindEnergy 2022 en Hamburgo. WindEnergy 27.09. - 30.09.2022 Messe Hamburg Pabell\u00f3n: B7 \/ Stand: 515 \u00bfQuieres una consulta personal y concertar una cita para la feria o necesitas un vale de admisi\u00f3n? \u00a1Eres bienvenido! Ponte en contacto con nosotros. Petra S\u00fcdfels Tel\u00e9fono: +49 (0) 25 63 \/ 911 - 113 Correo electr\u00f3nico: Petra.Suedfels@lichtgitter.com<\/p>\n","protected":false},"author":2,"featured_media":20138,"comment_status":"closed","ping_status":"closed","sticky":false,"template":"","format":"standard","meta":{"_acf_changed":false,"footnotes":""},"categories":[506],"tags":[],"class_list":["post-20136","post","type-post","status-publish","format-standard","has-post-thumbnail","hentry","category-noticias"],"acf":[],"yoast_head":"<!-- This site is optimized with the Yoast SEO plugin v27.2 - https:\/\/yoast.com\/product\/yoast-seo-wordpress\/ -->\n<title>Energ\u00eda e\u00f3lica Hamburgo - Lichtgitter Gruppe<\/title>\n<meta name=\"robots\" content=\"noindex, follow, max-snippet:-1, max-image-preview:large, max-video-preview:-1\" \/>\n<meta property=\"og:locale\" content=\"es_ES\" \/>\n<meta property=\"og:type\" content=\"article\" \/>\n<meta property=\"og:title\" content=\"Energ\u00eda e\u00f3lica Hamburgo - Lichtgitter Gruppe\" \/>\n<meta property=\"og:description\" content=\"Vis\u00edtanos en WindEnergy 2022 en Hamburgo. WindEnergy 27.09. - 30.09.2022 Messe Hamburg Pabell\u00f3n: B7 \/ Stand: 515 \u00bfQuieres una consulta personal y concertar una cita para la feria o necesitas un vale de admisi\u00f3n? \u00a1Eres bienvenido! Ponte en contacto con nosotros. Petra S\u00fcdfels Tel\u00e9fono: +49 (0) 25 63 \/ 911 - 113 Correo electr\u00f3nico: Petra.Suedfels@lichtgitter.com\" \/>\n<meta property=\"og:url\" content=\"https:\/\/www2.lichtgitter.com\/es\/noticias\/energia-eolica-hamburgo\/\" \/>\n<meta property=\"og:site_name\" content=\"Lichtgitter Gruppe\" \/>\n<meta property=\"article:published_time\" content=\"2022-09-05T14:17:40+00:00\" \/>\n<meta property=\"article:modified_time\" content=\"2025-12-17T19:18:46+00:00\" \/>\n<meta property=\"og:image\" content=\"https:\/\/www2.lichtgitter.com\/wp-content\/uploads\/2025\/07\/Offshore_1024x1024.jpg\" \/>\n\t<meta property=\"og:image:width\" content=\"1024\" \/>\n\t<meta property=\"og:image:height\" content=\"1024\" \/>\n\t<meta property=\"og:image:type\" content=\"image\/jpeg\" \/>\n<meta name=\"author\" content=\"petra.suedfels@lichtgitter.com\" \/>\n<meta name=\"twitter:card\" content=\"summary_large_image\" \/>\n<meta name=\"twitter:label1\" content=\"Escrito por\" \/>\n\t<meta name=\"twitter:data1\" content=\"petra.suedfels@lichtgitter.com\" \/>\n<script type=\"application\/ld+json\" class=\"yoast-schema-graph\">{\"@context\":\"https:\/\/schema.org\",\"@graph\":[{\"@type\":\"Article\",\"@id\":\"https:\/\/www2.lichtgitter.com\/es\/noticias\/energia-eolica-hamburgo\/#article\",\"isPartOf\":{\"@id\":\"https:\/\/www2.lichtgitter.com\/es\/noticias\/energia-eolica-hamburgo\/\"},\"author\":{\"name\":\"petra.suedfels@lichtgitter.com\",\"@id\":\"https:\/\/www2.lichtgitter.com\/es\/#\/schema\/person\/4201dfea3b59372c24743a2195a04858\"},\"headline\":\"Energ\u00eda e\u00f3lica Hamburgo\",\"datePublished\":\"2022-09-05T14:17:40+00:00\",\"dateModified\":\"2025-12-17T19:18:46+00:00\",\"mainEntityOfPage\":{\"@id\":\"https:\/\/www2.lichtgitter.com\/es\/noticias\/energia-eolica-hamburgo\/\"},\"wordCount\":57,\"publisher\":{\"@id\":\"https:\/\/www2.lichtgitter.com\/es\/#organization\"},\"image\":{\"@id\":\"https:\/\/www2.lichtgitter.com\/es\/noticias\/energia-eolica-hamburgo\/#primaryimage\"},\"thumbnailUrl\":\"https:\/\/www2.lichtgitter.com\/wp-content\/uploads\/2025\/07\/Offshore_1024x1024.jpg\",\"articleSection\":[\"Noticias\"],\"inLanguage\":\"es-ES\"},{\"@type\":\"WebPage\",\"@id\":\"https:\/\/www2.lichtgitter.com\/es\/noticias\/energia-eolica-hamburgo\/\",\"url\":\"https:\/\/www2.lichtgitter.com\/es\/noticias\/energia-eolica-hamburgo\/\",\"name\":\"Energ\u00eda e\u00f3lica Hamburgo - Lichtgitter Gruppe\",\"isPartOf\":{\"@id\":\"https:\/\/www2.lichtgitter.com\/es\/#website\"},\"primaryImageOfPage\":{\"@id\":\"https:\/\/www2.lichtgitter.com\/es\/noticias\/energia-eolica-hamburgo\/#primaryimage\"},\"image\":{\"@id\":\"https:\/\/www2.lichtgitter.com\/es\/noticias\/energia-eolica-hamburgo\/#primaryimage\"},\"thumbnailUrl\":\"https:\/\/www2.lichtgitter.com\/wp-content\/uploads\/2025\/07\/Offshore_1024x1024.jpg\",\"datePublished\":\"2022-09-05T14:17:40+00:00\",\"dateModified\":\"2025-12-17T19:18:46+00:00\",\"breadcrumb\":{\"@id\":\"https:\/\/www2.lichtgitter.com\/es\/noticias\/energia-eolica-hamburgo\/#breadcrumb\"},\"inLanguage\":\"es-ES\",\"potentialAction\":[{\"@type\":\"ReadAction\",\"target\":[\"https:\/\/www2.lichtgitter.com\/es\/noticias\/energia-eolica-hamburgo\/\"]}]},{\"@type\":\"ImageObject\",\"inLanguage\":\"es-ES\",\"@id\":\"https:\/\/www2.lichtgitter.com\/es\/noticias\/energia-eolica-hamburgo\/#primaryimage\",\"url\":\"https:\/\/www2.lichtgitter.com\/wp-content\/uploads\/2025\/07\/Offshore_1024x1024.jpg\",\"contentUrl\":\"https:\/\/www2.lichtgitter.com\/wp-content\/uploads\/2025\/07\/Offshore_1024x1024.jpg\",\"width\":1024,\"height\":1024,\"caption\":\"parque e\u00f3lico marino en el mar del norte\"},{\"@type\":\"BreadcrumbList\",\"@id\":\"https:\/\/www2.lichtgitter.com\/es\/noticias\/energia-eolica-hamburgo\/#breadcrumb\",\"itemListElement\":[{\"@type\":\"ListItem\",\"position\":1,\"name\":\"Home\",\"item\":\"https:\/\/www2.lichtgitter.com\/es\/pagina-de-inicio\/\"},{\"@type\":\"ListItem\",\"position\":2,\"name\":\"Energ\u00eda e\u00f3lica Hamburgo\"}]},{\"@type\":\"WebSite\",\"@id\":\"https:\/\/www2.lichtgitter.com\/es\/#website\",\"url\":\"https:\/\/www2.lichtgitter.com\/es\/\",\"name\":\"Lichtgitter Gruppe\",\"description\":\"Alles rund um Gitterroste bei lichtgitter.com\",\"publisher\":{\"@id\":\"https:\/\/www2.lichtgitter.com\/es\/#organization\"},\"potentialAction\":[{\"@type\":\"SearchAction\",\"target\":{\"@type\":\"EntryPoint\",\"urlTemplate\":\"https:\/\/www2.lichtgitter.com\/es\/?s={search_term_string}\"},\"query-input\":{\"@type\":\"PropertyValueSpecification\",\"valueRequired\":true,\"valueName\":\"search_term_string\"}}],\"inLanguage\":\"es-ES\"},{\"@type\":\"Organization\",\"@id\":\"https:\/\/www2.lichtgitter.com\/es\/#organization\",\"name\":\"Grupo Lichtgitter\",\"url\":\"https:\/\/www2.lichtgitter.com\/es\/\",\"logo\":{\"@type\":\"ImageObject\",\"inLanguage\":\"es-ES\",\"@id\":\"https:\/\/www2.lichtgitter.com\/es\/#\/schema\/logo\/image\/\",\"url\":\"https:\/\/www2.lichtgitter.com\/wp-content\/uploads\/2024\/02\/logo-rgb.png\",\"contentUrl\":\"https:\/\/www2.lichtgitter.com\/wp-content\/uploads\/2024\/02\/logo-rgb.png\",\"width\":1920,\"height\":297,\"caption\":\"Grupo Lichtgitter\"},\"image\":{\"@id\":\"https:\/\/www2.lichtgitter.com\/es\/#\/schema\/logo\/image\/\"}},{\"@type\":\"Person\",\"@id\":\"https:\/\/www2.lichtgitter.com\/es\/#\/schema\/person\/4201dfea3b59372c24743a2195a04858\",\"name\":\"petra.suedfels@lichtgitter.com\",\"image\":{\"@type\":\"ImageObject\",\"inLanguage\":\"es-ES\",\"@id\":\"https:\/\/secure.gravatar.com\/avatar\/d104480847153ff5f792498f9b2d800f54903391720f7d4a1f055e98cb9781f4?s=96&d=mm&r=g\",\"url\":\"https:\/\/secure.gravatar.com\/avatar\/d104480847153ff5f792498f9b2d800f54903391720f7d4a1f055e98cb9781f4?s=96&d=mm&r=g\",\"contentUrl\":\"https:\/\/secure.gravatar.com\/avatar\/d104480847153ff5f792498f9b2d800f54903391720f7d4a1f055e98cb9781f4?s=96&d=mm&r=g\",\"caption\":\"petra.suedfels@lichtgitter.com\"}}]}<\/script>\n<!-- \/ Yoast SEO plugin. -->","yoast_head_json":{"title":"Energ\u00eda e\u00f3lica Hamburgo - Lichtgitter Gruppe","robots":{"index":"noindex","follow":"follow","max-snippet":"max-snippet:-1","max-image-preview":"max-image-preview:large","max-video-preview":"max-video-preview:-1"},"og_locale":"es_ES","og_type":"article","og_title":"Energ\u00eda e\u00f3lica Hamburgo - Lichtgitter Gruppe","og_description":"Vis\u00edtanos en WindEnergy 2022 en Hamburgo. WindEnergy 27.09. - 30.09.2022 Messe Hamburg Pabell\u00f3n: B7 \/ Stand: 515 \u00bfQuieres una consulta personal y concertar una cita para la feria o necesitas un vale de admisi\u00f3n? \u00a1Eres bienvenido! Ponte en contacto con nosotros. Petra S\u00fcdfels Tel\u00e9fono: +49 (0) 25 63 \/ 911 - 113 Correo electr\u00f3nico: Petra.Suedfels@lichtgitter.com","og_url":"https:\/\/www2.lichtgitter.com\/es\/noticias\/energia-eolica-hamburgo\/","og_site_name":"Lichtgitter Gruppe","article_published_time":"2022-09-05T14:17:40+00:00","article_modified_time":"2025-12-17T19:18:46+00:00","og_image":[{"width":1024,"height":1024,"url":"https:\/\/www2.lichtgitter.com\/wp-content\/uploads\/2025\/07\/Offshore_1024x1024.jpg","type":"image\/jpeg"}],"author":"petra.suedfels@lichtgitter.com","twitter_card":"summary_large_image","twitter_misc":{"Escrito por":"petra.suedfels@lichtgitter.com"},"schema":{"@context":"https:\/\/schema.org","@graph":[{"@type":"Article","@id":"https:\/\/www2.lichtgitter.com\/es\/noticias\/energia-eolica-hamburgo\/#article","isPartOf":{"@id":"https:\/\/www2.lichtgitter.com\/es\/noticias\/energia-eolica-hamburgo\/"},"author":{"name":"petra.suedfels@lichtgitter.com","@id":"https:\/\/www2.lichtgitter.com\/es\/#\/schema\/person\/4201dfea3b59372c24743a2195a04858"},"headline":"Energ\u00eda e\u00f3lica Hamburgo","datePublished":"2022-09-05T14:17:40+00:00","dateModified":"2025-12-17T19:18:46+00:00","mainEntityOfPage":{"@id":"https:\/\/www2.lichtgitter.com\/es\/noticias\/energia-eolica-hamburgo\/"},"wordCount":57,"publisher":{"@id":"https:\/\/www2.lichtgitter.com\/es\/#organization"},"image":{"@id":"https:\/\/www2.lichtgitter.com\/es\/noticias\/energia-eolica-hamburgo\/#primaryimage"},"thumbnailUrl":"https:\/\/www2.lichtgitter.com\/wp-content\/uploads\/2025\/07\/Offshore_1024x1024.jpg","articleSection":["Noticias"],"inLanguage":"es-ES"},{"@type":"WebPage","@id":"https:\/\/www2.lichtgitter.com\/es\/noticias\/energia-eolica-hamburgo\/","url":"https:\/\/www2.lichtgitter.com\/es\/noticias\/energia-eolica-hamburgo\/","name":"Energ\u00eda e\u00f3lica Hamburgo - Lichtgitter Gruppe","isPartOf":{"@id":"https:\/\/www2.lichtgitter.com\/es\/#website"},"primaryImageOfPage":{"@id":"https:\/\/www2.lichtgitter.com\/es\/noticias\/energia-eolica-hamburgo\/#primaryimage"},"image":{"@id":"https:\/\/www2.lichtgitter.com\/es\/noticias\/energia-eolica-hamburgo\/#primaryimage"},"thumbnailUrl":"https:\/\/www2.lichtgitter.com\/wp-content\/uploads\/2025\/07\/Offshore_1024x1024.jpg","datePublished":"2022-09-05T14:17:40+00:00","dateModified":"2025-12-17T19:18:46+00:00","breadcrumb":{"@id":"https:\/\/www2.lichtgitter.com\/es\/noticias\/energia-eolica-hamburgo\/#breadcrumb"},"inLanguage":"es-ES","potentialAction":[{"@type":"ReadAction","target":["https:\/\/www2.lichtgitter.com\/es\/noticias\/energia-eolica-hamburgo\/"]}]},{"@type":"ImageObject","inLanguage":"es-ES","@id":"https:\/\/www2.lichtgitter.com\/es\/noticias\/energia-eolica-hamburgo\/#primaryimage","url":"https:\/\/www2.lichtgitter.com\/wp-content\/uploads\/2025\/07\/Offshore_1024x1024.jpg","contentUrl":"https:\/\/www2.lichtgitter.com\/wp-content\/uploads\/2025\/07\/Offshore_1024x1024.jpg","width":1024,"height":1024,"caption":"parque e\u00f3lico marino en el mar del norte"},{"@type":"BreadcrumbList","@id":"https:\/\/www2.lichtgitter.com\/es\/noticias\/energia-eolica-hamburgo\/#breadcrumb","itemListElement":[{"@type":"ListItem","position":1,"name":"Home","item":"https:\/\/www2.lichtgitter.com\/es\/pagina-de-inicio\/"},{"@type":"ListItem","position":2,"name":"Energ\u00eda e\u00f3lica Hamburgo"}]},{"@type":"WebSite","@id":"https:\/\/www2.lichtgitter.com\/es\/#website","url":"https:\/\/www2.lichtgitter.com\/es\/","name":"Lichtgitter Gruppe","description":"Alles rund um Gitterroste bei lichtgitter.com","publisher":{"@id":"https:\/\/www2.lichtgitter.com\/es\/#organization"},"potentialAction":[{"@type":"SearchAction","target":{"@type":"EntryPoint","urlTemplate":"https:\/\/www2.lichtgitter.com\/es\/?s={search_term_string}"},"query-input":{"@type":"PropertyValueSpecification","valueRequired":true,"valueName":"search_term_string"}}],"inLanguage":"es-ES"},{"@type":"Organization","@id":"https:\/\/www2.lichtgitter.com\/es\/#organization","name":"Grupo Lichtgitter","url":"https:\/\/www2.lichtgitter.com\/es\/","logo":{"@type":"ImageObject","inLanguage":"es-ES","@id":"https:\/\/www2.lichtgitter.com\/es\/#\/schema\/logo\/image\/","url":"https:\/\/www2.lichtgitter.com\/wp-content\/uploads\/2024\/02\/logo-rgb.png","contentUrl":"https:\/\/www2.lichtgitter.com\/wp-content\/uploads\/2024\/02\/logo-rgb.png","width":1920,"height":297,"caption":"Grupo Lichtgitter"},"image":{"@id":"https:\/\/www2.lichtgitter.com\/es\/#\/schema\/logo\/image\/"}},{"@type":"Person","@id":"https:\/\/www2.lichtgitter.com\/es\/#\/schema\/person\/4201dfea3b59372c24743a2195a04858","name":"petra.suedfels@lichtgitter.com","image":{"@type":"ImageObject","inLanguage":"es-ES","@id":"https:\/\/secure.gravatar.com\/avatar\/d104480847153ff5f792498f9b2d800f54903391720f7d4a1f055e98cb9781f4?s=96&d=mm&r=g","url":"https:\/\/secure.gravatar.com\/avatar\/d104480847153ff5f792498f9b2d800f54903391720f7d4a1f055e98cb9781f4?s=96&d=mm&r=g","contentUrl":"https:\/\/secure.gravatar.com\/avatar\/d104480847153ff5f792498f9b2d800f54903391720f7d4a1f055e98cb9781f4?s=96&d=mm&r=g","caption":"petra.suedfels@lichtgitter.com"}}]}},"_links":{"self":[{"href":"https:\/\/www2.lichtgitter.com\/es\/wp-json\/wp\/v2\/posts\/20136","targetHints":{"allow":["GET"]}}],"collection":[{"href":"https:\/\/www2.lichtgitter.com\/es\/wp-json\/wp\/v2\/posts"}],"about":[{"href":"https:\/\/www2.lichtgitter.com\/es\/wp-json\/wp\/v2\/types\/post"}],"author":[{"embeddable":true,"href":"https:\/\/www2.lichtgitter.com\/es\/wp-json\/wp\/v2\/users\/2"}],"replies":[{"embeddable":true,"href":"https:\/\/www2.lichtgitter.com\/es\/wp-json\/wp\/v2\/comments?post=20136"}],"version-history":[{"count":1,"href":"https:\/\/www2.lichtgitter.com\/es\/wp-json\/wp\/v2\/posts\/20136\/revisions"}],"predecessor-version":[{"id":27127,"href":"https:\/\/www2.lichtgitter.com\/es\/wp-json\/wp\/v2\/posts\/20136\/revisions\/27127"}],"wp:featuredmedia":[{"embeddable":true,"href":"https:\/\/www2.lichtgitter.com\/es\/wp-json\/wp\/v2\/media\/20138"}],"wp:attachment":[{"href":"https:\/\/www2.lichtgitter.com\/es\/wp-json\/wp\/v2\/media?parent=20136"}],"wp:term":[{"taxonomy":"category","embeddable":true,"href":"https:\/\/www2.lichtgitter.com\/es\/wp-json\/wp\/v2\/categories?post=20136"},{"taxonomy":"post_tag","embeddable":true,"href":"https:\/\/www2.lichtgitter.com\/es\/wp-json\/wp\/v2\/tags?post=20136"}],"curies":[{"name":"wp","href":"https:\/\/api.w.org\/{rel}","templated":true}]}}